{"id":44,"date":"2013-12-09T13:13:13","date_gmt":"2013-12-09T13:13:13","guid":{"rendered":"http:\/\/www.encontraluziania.com.br\/noticias\/?p=44"},"modified":"2013-12-09T13:13:13","modified_gmt":"2013-12-09T13:13:13","slug":"prefeitura-prepara-programacao-especial-para-comemorar-os-267-anos-de-luziania","status":"publish","type":"post","link":"http:\/\/www.encontraluziania.com.br\/noticias\/prefeitura-prepara-programacao-especial-para-comemorar-os-267-anos-de-luziania\/","title":{"rendered":"Prefeitura prepara programa\u00e7\u00e3o especial para comemorar os 267 anos de Luzi\u00e2nia"},"content":{"rendered":"<p>Segue at\u00e9 o dia 22 de dezembro, a programa\u00e7\u00e3o especial que a Prefeitura preparou para comemorar os 267 anos de funda\u00e7\u00e3o de Luzi\u00e2nia.<\/p>\n<p>Diversas atra\u00e7\u00f5es art\u00edsticas, culturais, musicais, esportivas, lan\u00e7amentos e inaugura\u00e7\u00f5es de obras, assinaturas de ordens de servi\u00e7o, desfile c\u00edvico e mais uma edi\u00e7\u00e3o do programa &#8220;PREFEITURA E GOVERNO MAIS PERTO DE VOC\u00ca&#8221; integram as atividades.<\/p>\n<p><strong> Confira a programa\u00e7\u00e3o:<\/strong><\/p>\n<p><strong>DIA 09\/12 \u2013 SEGUNDA-FEIRA<\/strong><\/p>\n<p>17h00 &#8211; Lan\u00e7amento da Constru\u00e7\u00e3o da 1\u00aa Escola Municipal de Tempo Integral da Regi\u00e3o no Parque Estrela D\u00b4Alva V<\/p>\n<p>19h30 &#8211; 5\u00ba Recital dos Professores e Alunos da Escola de M\u00fasica \u201cMestre Seu V\u00f4\u201d no Audit\u00f3rio do Centro de Cultura e Conven\u00e7\u00f5es<\/p>\n<p><strong>DIA 10\/12 \u2013 TER\u00c7A-FEIRA<\/strong><\/p>\n<p>14h00 &#8211; Palestra com o Triatleta Santiago Ascen\u00e7o no Plen\u00e1rio da C\u00e2mara Municipal Jos\u00e9 Rodrigues dos Reis<\/p>\n<p>20h00 &#8211; Assinatura de Autoriza\u00e7\u00e3o para a realiza\u00e7\u00e3o de Projetos da Constru\u00e7\u00e3o do Anel Vi\u00e1rio de Luzi\u00e2nia &#8211; Palestra \u201cPrefeito Empreendedor\u201d proferida pelo ganhador do Pr\u00eamio Sebrae \/ Confedera\u00e7\u00e3o Nacional dos Munic\u00edpios, Prefeito de Tr\u00eas Rios \u2013 RJ, Vin\u00edcius de Oliveira Farah no<br \/>\nCentro de Cultura e Conven\u00e7\u00f5es.<\/p>\n<p><strong>DIA 11\/12 \u2013 QUARTA-FEIRA<\/strong><\/p>\n<p>18h00 &#8211; Inaugura\u00e7\u00e3o da Galeria dos Prefeitos Eleitos de Luzi\u00e2nia \/ Assinatura de Autoriza\u00e7\u00e3o para Projeto de Acessibilidade para o Centro Administrativo da Prefeitura e Anexos \/ Centro Administrativo da Prefeitura de Luzi\u00e2nia Oscar Braz de Queiroz e Inaugura\u00e7\u00e3o do Pres\u00e9pio com Cantata de Natal<\/p>\n<p>20h00 &#8211; Apresenta\u00e7\u00e3o da Orquestra Sinf\u00f4nica Jovem de Goi\u00e1s no Centro de Cultura e Conven\u00e7\u00f5es<\/p>\n<p><strong>DIA 12\/12 \u2013 QUINTA-FEIRA<\/strong><\/p>\n<p>08h00 &#8211;\u00a0 Missa de A\u00e7\u00e3o de Gra\u00e7as no\u00a0 Plen\u00e1rio da C\u00e2mara Municipal Jos\u00e9 Rodrigues dos Reis<\/p>\n<p>19h30 &#8211; Sess\u00e3o Solene de entrega de T\u00edtulos de Cidadania Luzianiense e da Comenda de Santa Luzia no Plen\u00e1rio da C\u00e2mara Municipal Jos\u00e9 Rodrigues dos Reis<\/p>\n<p><strong>DIA 13\/12 \u2013 SEXTA-FEIRA<\/strong><\/p>\n<p>08h30 &#8211; Missa Solene de Santa Luzia no Santu\u00e1rio de Santa Luzia<\/p>\n<p>10h00 &#8211; Desfile C\u00edvico &#8211; Sa\u00edda da Pra\u00e7a Evangelino Meireles com destino \u00e0 Prefeitura<\/p>\n<p>12h00 &#8211; Leil\u00e3o de Gado no\u00a0 Tatersal do Parque de Exposi\u00e7\u00f5es Lucena Roriz<\/p>\n<p>19h00 &#8211; Missa em A\u00e7\u00e3o de Gra\u00e7as com a transmiss\u00e3o aos novos festeiros\u00a0 de Santa Luzia e Prociss\u00e3o no Santu\u00e1rio de Santa Luzia<\/p>\n<p>20h00 &#8211; Inaugura\u00e7\u00e3o da Pra\u00e7a Santa Luzia no\u00a0 Bal\u00e3o da Pra\u00e7a Santa Luzia<\/p>\n<p><strong>DIA 14\/12 \u2013 S\u00c1BADO<\/strong><\/p>\n<p>09h00 &#8211; Atividades Recreativas, Culturais e Esportivas Em frente \u00e0 Prefeitura Municipal<\/p>\n<p>13h00 &#8211; 2\u00ba Campeonato de Karat\u00ea \u2013 D\u00f4 Tradicional no Gin\u00e1sio de Esportes Jos\u00e9 de Ara\u00fajo Leite<\/p>\n<p>15h00 &#8211; Atividades Recreativas, Culturais e Esportivas no Centro Esportivo Jhonathan Rodrigues dos Santos \u2013 Gedel &#8211; Parque Estrela D \u00b4Alva IV<\/p>\n<p>17h00 &#8211; 1\u00ba Passeio Cicl\u00edstico Solid\u00e1rio &#8211; Sa\u00edda do Trevo Principal com destino \u00e0 Prefeitura de Luzi\u00e2nia<\/p>\n<p>19h00 &#8211; Disputa do Cintur\u00e3o Brasileiro de MuayThai no Gin\u00e1sio de Esportes Laudimiro Lopes Roriz \u2013 Parque Estrela D\u00b4Alva II<\/p>\n<p>21h00 &#8211; Inaugura\u00e7\u00e3o da Cobertura da Quadra de Esportes e Ilumina\u00e7\u00e3o do Campo do Centro Esportivo Jhonathan Rodrigues dos Santos \u2013 Gedel e show com Michel Tel\u00f3 no Centro Esportivo Jhonathan Rodrigues dos Santos \u2013 Gedel &#8211; Parque Estrela D \u00b4Alva IV<\/p>\n<p><strong>DIA 15\/12 \u2013 DOMINGO<\/strong><\/p>\n<p>08h00 &#8211; Inaugura\u00e7\u00e3o da Pra\u00e7a da Catedral<\/p>\n<p>Assinatura de Conv\u00eanio para Urbaniza\u00e7\u00e3o, Estacionamento e Melhorias no Local.<\/p>\n<p>Assinatura de Ordens de Servi\u00e7o para Ilumina\u00e7\u00e3o, Urbaniza\u00e7\u00e3o e Ciclovia da Avenida Miguel Reali e Demais Benfeitorias na Regi\u00e3o na Catedral Diocesana \u2013 Av. Miguel Reali<\/p>\n<p>09h00 &#8211; Apresenta\u00e7\u00f5es Art\u00edsticas, Culturais e Esportivas e Assinatura de Ordens de Servi\u00e7o para Constru\u00e7\u00e3o e Revitaliza\u00e7\u00e3o de Pra\u00e7as de Skate, Playground, Academias ao Ar Livre e Campo Sint\u00e9tico e Corrida de Santa Luzia Em frente \u00e0 Prefeitura<\/p>\n<p>09h00 \u00e0s 16h00 &#8211; 8\u00aa Etapa da Grande Final do Campeonato de Cross Country na Pista de Motocross (ao lado do Est\u00e1dio Zequinha Roriz)<\/p>\n<p>20h00 &#8211; Cantata de Natal com o Coral da Igreja Presbiteriana no Audit\u00f3rio do Centro de Cultura e Conven\u00e7\u00f5es<\/p>\n<p><strong>DIA 16\/12 \u2013 SEGUNDA-FEIRA<\/strong><\/p>\n<p>08h00 &#8211; Entrega de\u00a0 Novos Ve\u00edculos e M\u00e1quinas em frente \u00e0 Prefeitura Municipal<\/p>\n<p><strong>DIA 17\/12 \u2013 TER\u00c7A-FEIRA<\/strong><\/p>\n<p>20h00 &#8211; Desfile de Moda com o tema \u201cSustentabilidade\u201d e Assinatura de Autoriza\u00e7\u00e3o para realiza\u00e7\u00e3o do Projeto do 1\u00ba Parque Ecol\u00f3gico de Luzi\u00e2nia no Centro de Cultura e Conven\u00e7\u00f5es<\/p>\n<p><strong>DIA 18\/12 \u2013 QUARTA-FEIRA<\/strong><\/p>\n<p>19h00 &#8211; Inaugura\u00e7\u00e3o da Av. Osmar Soares de Queiroz (antiga Tiradentes) com Paisagismo e Ilumina\u00e7\u00e3o\/ Lan\u00e7amento de Obras de Revitaliza\u00e7\u00e3o da Avenida Brasil e Pra\u00e7a Santa Teresinha e Assinatura de Ordens de Servi\u00e7o para Constru\u00e7\u00e3o e Revitaliza\u00e7\u00e3o de Pra\u00e7as e Unidades B\u00e1sicas de Sa\u00fade no Bairro S\u00e3o Caetano<\/p>\n<p><strong>DIA 19\/12 \u2013 QUINTA-FEIRA<\/strong><\/p>\n<p>09h00 &#8211; ABERTURA DO PROGRAMA PREFEITURA E GOVERNO MAIS PERTO DE VOC\u00ca<\/p>\n<p>Assinatura de Ordens de Servi\u00e7o e Realiza\u00e7\u00e3o de Projetos nas \u00e1reas de Educa\u00e7\u00e3o, Sa\u00fade, Infraestrutura e Promo\u00e7\u00e3o Social. Beneficiando todo o Distrito do Jardim Ing\u00e1 no Centro Poliesportivo do Jardim Ing\u00e1<\/p>\n<p>16h00 &#8211; Inaugura\u00e7\u00e3o do Gin\u00e1sio Coberto da Escola Municipal Kelly Susan Santos e Lan\u00e7amento de Obras na Regi\u00e3o no\u00a0 Parque Mingone II<\/p>\n<p><strong>DIA 20\/12 \u2013 SEXTA-FEIRA<\/strong><\/p>\n<p>09h00 &#8211; PROGRAMA PREFEITURA E GOVERNO MAIS PERTO DE VOC\u00ca<\/p>\n<p>Entrega de Benef\u00edcios\/ Assinatura de Autoriza\u00e7\u00e3o para Projeto de Constru\u00e7\u00e3o de uma Escola de Educa\u00e7\u00e3o Infantil no Jardim Ing\u00e1 (CEMEB \u2013 Maur\u00edcio Moura) e Assinatura de Projeto para Reforma e Revitaliza\u00e7\u00e3o do Centro Poliesportivo do Jardim Ing\u00e1 no\u00a0 Centro Poliesportivo do Jardim Ing\u00e1<\/p>\n<p>16h00 &#8211; Inaugura\u00e7\u00e3o do Gin\u00e1sio Coberto do Centro Municipal de Educa\u00e7\u00e3o B\u00e1sica Nat\u00e1lia Aparecida Louzada Alves e Lan\u00e7amento de Obras na<br \/>\n\u00c1rea Especial Mingone I<\/p>\n<p><strong>DIA 21\/12 \u2013 S\u00c1BADO<\/strong><\/p>\n<p>09h00 &#8211; PROGRAMA PREFEITURA E GOVERNO MAIS PERTO DE VOC\u00ca<\/p>\n<p>Entrega de Benef\u00edcios\/ Assinatura de Ordens de Servi\u00e7o para Constru\u00e7\u00e3o de Unidades B\u00e1sicas de Sa\u00fade, Galerias de \u00c1guas Pluviais, Reforma,\u00a0 Amplia\u00e7\u00e3o e Constru\u00e7\u00e3o de Escolas no Centro Poliesportivo do Jardim Ing\u00e1<\/p>\n<p>14h00 &#8211; Inaugura\u00e7\u00e3o do Gin\u00e1sio Coberto da Escola Municipal Cl\u00e1udia Rosa Gomes Peixoto e Lan\u00e7amento de Obras e Lan\u00e7amento da Unidade de Pronto Atendimento \u00e0 Sa\u00fade &#8211; UPA no Parque Estrela D\u00b4Alva IV<\/p>\n<p>17h00 &#8211; Inaugura\u00e7\u00e3o do Gin\u00e1sio Coberto e Reforma da Escola Municipal Professor Sebasti\u00e3o Machado de Ara\u00fajo e Lan\u00e7amento de Obras na<br \/>\nRua Jos\u00e9 de Melo, Centro<\/p>\n<p><strong>DIA 22\/12 \u2013 DOMINGO<\/strong><\/p>\n<p>08h00 &#8211; PROGRAMA PREFEITURA E GOVERNO MAIS PERTO DE VOC\u00ca<\/p>\n<p>Caf\u00e9 da Manh\u00e3, Atividades Culturais, Esportivas e Art\u00edsticas e Entrega de Benef\u00edcios. Encerramento das Festividades em Comemora\u00e7\u00e3o aos 267 anos do Anivers\u00e1rio de Luzi\u00e2nia no Centro Poliesportivo do Jardim Ing\u00e1.<\/p>\n","protected":false},"excerpt":{"rendered":"<p>Segue at\u00e9 o dia 22 de dezembro, a programa\u00e7\u00e3o especial que a Prefeitura preparou para comemorar os 267 anos de funda\u00e7\u00e3o de Luzi\u00e2nia. Diversas atra\u00e7\u00f5es art\u00edsticas, culturais, musicais, esportivas, lan\u00e7amentos e inaugura\u00e7\u00f5es de obras, assinaturas de ordens de servi\u00e7o, desfile c\u00edvico e mais uma edi\u00e7\u00e3o do programa &#8220;PREFEITURA E GOVERNO MAIS PERTO DE VOC\u00ca&#8221; integram [&hellip;]<\/p>\n","protected":false},"author":1,"featured_media":0,"comment_status":"open","ping_status":"open","sticky":false,"template":"","format":"standard","meta":{"footnotes":""},"categories":[6],"tags":[],"class_list":["post-44","post","type-post","status-publish","format-standard","hentry","category-noticias"],"_links":{"self":[{"href":"http:\/\/www.encontraluziania.com.br\/noticias\/wp-json\/wp\/v2\/posts\/44","targetHints":{"allow":["GET"]}}],"collection":[{"href":"http:\/\/www.encontraluziania.com.br\/noticias\/wp-json\/wp\/v2\/posts"}],"about":[{"href":"http:\/\/www.encontraluziania.com.br\/noticias\/wp-json\/wp\/v2\/types\/post"}],"author":[{"embeddable":true,"href":"http:\/\/www.encontraluziania.com.br\/noticias\/wp-json\/wp\/v2\/users\/1"}],"replies":[{"embeddable":true,"href":"http:\/\/www.encontraluziania.com.br\/noticias\/wp-json\/wp\/v2\/comments?post=44"}],"version-history":[{"count":1,"href":"http:\/\/www.encontraluziania.com.br\/noticias\/wp-json\/wp\/v2\/posts\/44\/revisions"}],"predecessor-version":[{"id":45,"href":"http:\/\/www.encontraluziania.com.br\/noticias\/wp-json\/wp\/v2\/posts\/44\/revisions\/45"}],"wp:attachment":[{"href":"http:\/\/www.encontraluziania.com.br\/noticias\/wp-json\/wp\/v2\/media?parent=44"}],"wp:term":[{"taxonomy":"category","embeddable":true,"href":"http:\/\/www.encontraluziania.com.br\/noticias\/wp-json\/wp\/v2\/categories?post=44"},{"taxonomy":"post_tag","embeddable":true,"href":"http:\/\/www.encontraluziania.com.br\/noticias\/wp-json\/wp\/v2\/tags?post=44"}],"curies":[{"name":"wp","href":"https:\/\/api.w.org\/{rel}","templated":true}]}}